{"id":7243,"date":"2024-03-19T11:32:16","date_gmt":"2024-03-19T10:32:16","guid":{"rendered":"https:\/\/spd-stadtrat.de\/?p=7243"},"modified":"2024-03-19T11:32:17","modified_gmt":"2024-03-19T10:32:17","slug":"ramadan-mubarak","status":"publish","type":"post","link":"https:\/\/spd-stadtrat.de\/?p=7243","title":{"rendered":"Ramadan mubarak"},"content":{"rendered":"\n<p>Die SPD-Stadtratsfraktion Regensburg\u00a0 schlie\u00dft sich den W\u00fcnschen der SPD-Fraktion im Bayerischen Landtag zum Ramadan an und w\u00fcnscht der rund 9000 Mitglieder z\u00e4hlenden muslimischen Community in Regensburg einen guten Ramadan.<\/p>\n\n\n\n<p>Foto: SPD-Landtagsfraktion<\/p>\n","protected":false},"excerpt":{"rendered":"<p>Die SPD-Stadtratsfraktion Regensburg\u00a0 schlie\u00dft sich den W\u00fcnschen der SPD-Fraktion im Bayerischen Landtag zum Ramadan an und w\u00fcnscht der rund 9000 Mitglieder z\u00e4hlenden muslimischen Community in Regensburg einen guten Ramadan. Foto: SPD-Landtagsfraktion<\/p>\n","protected":false},"author":3,"featured_media":7244,"comment_status":"closed","ping_status":"open","sticky":false,"template":"","format":"standard","meta":{"ngg_post_thumbnail":0},"categories":[1],"tags":[],"jetpack_featured_media_url":"https:\/\/spd-stadtrat.de\/wp-content\/uploads\/2024\/03\/Ramadan-mubarak.jpg","_links":{"self":[{"href":"https:\/\/spd-stadtrat.de\/index.php?rest_route=\/wp\/v2\/posts\/7243"}],"collection":[{"href":"https:\/\/spd-stadtrat.de\/index.php?rest_route=\/wp\/v2\/posts"}],"about":[{"href":"https:\/\/spd-stadtrat.de\/index.php?rest_route=\/wp\/v2\/types\/post"}],"author":[{"embeddable":true,"href":"https:\/\/spd-stadtrat.de\/index.php?rest_route=\/wp\/v2\/users\/3"}],"replies":[{"embeddable":true,"href":"https:\/\/spd-stadtrat.de\/index.php?rest_route=%2Fwp%2Fv2%2Fcomments&post=7243"}],"version-history":[{"count":1,"href":"https:\/\/spd-stadtrat.de\/index.php?rest_route=\/wp\/v2\/posts\/7243\/revisions"}],"predecessor-version":[{"id":7245,"href":"https:\/\/spd-stadtrat.de\/index.php?rest_route=\/wp\/v2\/posts\/7243\/revisions\/7245"}],"wp:featuredmedia":[{"embeddable":true,"href":"https:\/\/spd-stadtrat.de\/index.php?rest_route=\/wp\/v2\/media\/7244"}],"wp:attachment":[{"href":"https:\/\/spd-stadtrat.de\/index.php?rest_route=%2Fwp%2Fv2%2Fmedia&parent=7243"}],"wp:term":[{"taxonomy":"category","embeddable":true,"href":"https:\/\/spd-stadtrat.de\/index.php?rest_route=%2Fwp%2Fv2%2Fcategories&post=7243"},{"taxonomy":"post_tag","embeddable":true,"href":"https:\/\/spd-stadtrat.de\/index.php?rest_route=%2Fwp%2Fv2%2Ftags&post=7243"}],"curies":[{"name":"wp","href":"https:\/\/api.w.org\/{rel}","templated":true}]}}