{"id":7247,"date":"2024-03-19T11:39:34","date_gmt":"2024-03-19T10:39:34","guid":{"rendered":"https:\/\/spd-stadtrat.de\/?p=7247"},"modified":"2024-03-19T11:39:34","modified_gmt":"2024-03-19T10:39:34","slug":"jahreshauptversammlung-des-loeschzugs-weichs","status":"publish","type":"post","link":"https:\/\/spd-stadtrat.de\/?p=7247","title":{"rendered":"Jahreshauptversammlung des L\u00f6schzugs Weichs"},"content":{"rendered":"\n<p>Dr. Thomas Burger, Vorsitzender der SPD Stadtratsfraktion Regensburg, vertrat Oberb\u00fcrgermeisterin Gertrud Maltz-Schwarzfischer bei der Jahreshauptversammlung des L\u00f6schzugs Weichs. Er bedankte sich gemeinsam mit SPD-Stadtrat Hans Holler beim L\u00f6schzug f\u00fcr das geleistete ehrenamtliche Engagement; 52 Aktive sorgen f\u00fcr Einsatzbereitschaft und Sicherheit und absolvierten im vergangenen Jahr 106 Eins\u00e4tze. Zugleich gratulierte er dem neu gew\u00e4hlten Vorstand: Matthias Wartlsteiner wurde als erster Vorstand best\u00e4tigt; Sabrina Kolb ist neuer zweiter Vorstand; Markus Bauer wurde als L\u00f6schzugf\u00fchrer best\u00e4tigt; neue zweite L\u00f6schzugf\u00fchrerin ist Diana Wengler; mit Sabrina Seltmann wurde erstmals eine zweite Stellvertreterin gew\u00e4hlt. Burger sprach sich f\u00fcr eine schnelle Realisierung des Anbaus f\u00fcr das Ger\u00e4tehaus aus und stie\u00df dabei auf Gegenliebe bei Iris Krimm, Leiterin des Amts f\u00fcr Brand- und Katastrophenschutz, und in den Reihen der anwesenden Floriansj\u00fcnger.<\/p>\n\n\n\n<p><\/p>\n\n\n\n<p>Foto: Dr. Thomas Burger<\/p>\n","protected":false},"excerpt":{"rendered":"<p>Dr. Thomas Burger, Vorsitzender der SPD Stadtratsfraktion Regensburg, vertrat Oberb\u00fcrgermeisterin Gertrud Maltz-Schwarzfischer bei der Jahreshauptversammlung des L\u00f6schzugs Weichs. Er bedankte sich gemeinsam mit SPD-Stadtrat Hans Holler beim L\u00f6schzug f\u00fcr das geleistete ehrenamtliche Engagement; 52 Aktive sorgen f\u00fcr Einsatzbereitschaft und Sicherheit<\/p>\n","protected":false},"author":3,"featured_media":7248,"comment_status":"closed","ping_status":"open","sticky":false,"template":"","format":"standard","meta":{"ngg_post_thumbnail":0},"categories":[1],"tags":[],"jetpack_featured_media_url":"https:\/\/spd-stadtrat.de\/wp-content\/uploads\/2024\/03\/JHV-Loeschzug-Weichs-1_8.3.2024.jpg","_links":{"self":[{"href":"https:\/\/spd-stadtrat.de\/index.php?rest_route=\/wp\/v2\/posts\/7247"}],"collection":[{"href":"https:\/\/spd-stadtrat.de\/index.php?rest_route=\/wp\/v2\/posts"}],"about":[{"href":"https:\/\/spd-stadtrat.de\/index.php?rest_route=\/wp\/v2\/types\/post"}],"author":[{"embeddable":true,"href":"https:\/\/spd-stadtrat.de\/index.php?rest_route=\/wp\/v2\/users\/3"}],"replies":[{"embeddable":true,"href":"https:\/\/spd-stadtrat.de\/index.php?rest_route=%2Fwp%2Fv2%2Fcomments&post=7247"}],"version-history":[{"count":1,"href":"https:\/\/spd-stadtrat.de\/index.php?rest_route=\/wp\/v2\/posts\/7247\/revisions"}],"predecessor-version":[{"id":7249,"href":"https:\/\/spd-stadtrat.de\/index.php?rest_route=\/wp\/v2\/posts\/7247\/revisions\/7249"}],"wp:featuredmedia":[{"embeddable":true,"href":"https:\/\/spd-stadtrat.de\/index.php?rest_route=\/wp\/v2\/media\/7248"}],"wp:attachment":[{"href":"https:\/\/spd-stadtrat.de\/index.php?rest_route=%2Fwp%2Fv2%2Fmedia&parent=7247"}],"wp:term":[{"taxonomy":"category","embeddable":true,"href":"https:\/\/spd-stadtrat.de\/index.php?rest_route=%2Fwp%2Fv2%2Fcategories&post=7247"},{"taxonomy":"post_tag","embeddable":true,"href":"https:\/\/spd-stadtrat.de\/index.php?rest_route=%2Fwp%2Fv2%2Ftags&post=7247"}],"curies":[{"name":"wp","href":"https:\/\/api.w.org\/{rel}","templated":true}]}}