{"id":7417,"date":"2024-05-15T09:37:28","date_gmt":"2024-05-15T07:37:28","guid":{"rendered":"https:\/\/spd-stadtrat.de\/?p=7417"},"modified":"2024-05-15T09:40:11","modified_gmt":"2024-05-15T07:40:11","slug":"die-spd-stadtratsfraktion-regensburg-zu-gast-beim-fruehlingsempfang-der-regensburger-fdp","status":"publish","type":"post","link":"https:\/\/spd-stadtrat.de\/?p=7417","title":{"rendered":"Die SPD-Fraktion zu Gast beim Fr\u00fchlingsempfang der Regensburger FDP"},"content":{"rendered":"\n<p>&#8222;Die Koalition lebt vom Miteinander&#8220;, so SPD-Fraktionschef Dr. Thomas Burger, der gemeinsam mit Oberb\u00fcrgermeisterin Gertrud Maltz-Schwarzfischer und SPD-Stadtrat Alexander Irmisch der Einladung gefolgt war. Beim FDP-Empfang im Caf\u00e9 Schierstadt zeigte sich Einigkeit zwischen SPD und FDP beim Thema Stadtbahn. Frank Steinwede, Leiter der strategischen \u00d6PNV Planung und Projektleiter Stadtbahn bei das <a tabindex=\"-1\" style=\"font-family: inherit; font-size: revert; color: rgb(56, 88, 152); cursor: pointer;\"><\/a>Stadtwerk Regensburg.Mobilit\u00e4t, referierte mit Informationen zur geplanten Stadtbahn. Er legte dar, dass ein reines Bussystem insbesondere vor dem Hintergrund einer weiter wachsenden Stadt am Ende der M\u00f6glichkeiten angelangt sei. &#8222;Wir m\u00fcssen das System grunds\u00e4tzlich \u00e4ndern, und zwar mit Hilfe einer Stadtbahn-Komponente als Teil des \u00d6PNV&#8220;, so Burger. <\/p>\n\n\n\n<p><\/p>\n\n\n\n<p>Foto: Dr. Thomas Burger<\/p>\n","protected":false},"excerpt":{"rendered":"<p>&#8222;Die Koalition lebt vom Miteinander&#8220;, so SPD-Fraktionschef Dr. Thomas Burger, der gemeinsam mit Oberb\u00fcrgermeisterin Gertrud Maltz-Schwarzfischer und SPD-Stadtrat Alexander Irmisch der Einladung gefolgt war. Beim FDP-Empfang im Caf\u00e9 Schierstadt zeigte sich Einigkeit zwischen SPD und FDP beim Thema Stadtbahn. Frank<\/p>\n","protected":false},"author":3,"featured_media":7418,"comment_status":"closed","ping_status":"open","sticky":false,"template":"","format":"standard","meta":{"ngg_post_thumbnail":0},"categories":[1],"tags":[],"jetpack_featured_media_url":"https:\/\/spd-stadtrat.de\/wp-content\/uploads\/2024\/05\/FDP-Empfang-1_12.05.2024.jpg","_links":{"self":[{"href":"https:\/\/spd-stadtrat.de\/index.php?rest_route=\/wp\/v2\/posts\/7417"}],"collection":[{"href":"https:\/\/spd-stadtrat.de\/index.php?rest_route=\/wp\/v2\/posts"}],"about":[{"href":"https:\/\/spd-stadtrat.de\/index.php?rest_route=\/wp\/v2\/types\/post"}],"author":[{"embeddable":true,"href":"https:\/\/spd-stadtrat.de\/index.php?rest_route=\/wp\/v2\/users\/3"}],"replies":[{"embeddable":true,"href":"https:\/\/spd-stadtrat.de\/index.php?rest_route=%2Fwp%2Fv2%2Fcomments&post=7417"}],"version-history":[{"count":3,"href":"https:\/\/spd-stadtrat.de\/index.php?rest_route=\/wp\/v2\/posts\/7417\/revisions"}],"predecessor-version":[{"id":7425,"href":"https:\/\/spd-stadtrat.de\/index.php?rest_route=\/wp\/v2\/posts\/7417\/revisions\/7425"}],"wp:featuredmedia":[{"embeddable":true,"href":"https:\/\/spd-stadtrat.de\/index.php?rest_route=\/wp\/v2\/media\/7418"}],"wp:attachment":[{"href":"https:\/\/spd-stadtrat.de\/index.php?rest_route=%2Fwp%2Fv2%2Fmedia&parent=7417"}],"wp:term":[{"taxonomy":"category","embeddable":true,"href":"https:\/\/spd-stadtrat.de\/index.php?rest_route=%2Fwp%2Fv2%2Fcategories&post=7417"},{"taxonomy":"post_tag","embeddable":true,"href":"https:\/\/spd-stadtrat.de\/index.php?rest_route=%2Fwp%2Fv2%2Ftags&post=7417"}],"curies":[{"name":"wp","href":"https:\/\/api.w.org\/{rel}","templated":true}]}}