{"id":7488,"date":"2024-06-06T16:22:32","date_gmt":"2024-06-06T14:22:32","guid":{"rendered":"https:\/\/spd-stadtrat.de\/?p=7488"},"modified":"2024-06-06T16:23:34","modified_gmt":"2024-06-06T14:23:34","slug":"endspurt","status":"publish","type":"post","link":"https:\/\/spd-stadtrat.de\/?p=7488","title":{"rendered":"Endspurt"},"content":{"rendered":"\n<p>Am Sonntag, 9. Juni 2024, gilt\u00b4s: Dann ist Zeit f\u00fcr die Abstimmung \u00fcber die Fortf\u00fchrung der Planungen zur Stadtbahn und die Europawahl. Auch in den letzten Tagen vor der Wahl engagieren sich Mitglieder der SPD-Stadtratsfraktion f\u00fcr diese demokratischen Aktionen.<\/p>\n\n\n\n<p><\/p>\n\n\n\n<p>Foto: Thomas Rudner<\/p>\n","protected":false},"excerpt":{"rendered":"<p>Am Sonntag, 9. Juni 2024, gilt\u00b4s: Dann ist Zeit f\u00fcr die Abstimmung \u00fcber die Fortf\u00fchrung der Planungen zur Stadtbahn und die Europawahl. Auch in den letzten Tagen vor der Wahl engagieren sich Mitglieder der SPD-Stadtratsfraktion f\u00fcr diese demokratischen Aktionen. Foto:<\/p>\n","protected":false},"author":3,"featured_media":7489,"comment_status":"closed","ping_status":"open","sticky":false,"template":"","format":"standard","meta":{"ngg_post_thumbnail":0},"categories":[1],"tags":[],"jetpack_featured_media_url":"https:\/\/spd-stadtrat.de\/wp-content\/uploads\/2024\/06\/Wahlstand-Europa-Stadtbahn_05.06.2024.jpg","_links":{"self":[{"href":"https:\/\/spd-stadtrat.de\/index.php?rest_route=\/wp\/v2\/posts\/7488"}],"collection":[{"href":"https:\/\/spd-stadtrat.de\/index.php?rest_route=\/wp\/v2\/posts"}],"about":[{"href":"https:\/\/spd-stadtrat.de\/index.php?rest_route=\/wp\/v2\/types\/post"}],"author":[{"embeddable":true,"href":"https:\/\/spd-stadtrat.de\/index.php?rest_route=\/wp\/v2\/users\/3"}],"replies":[{"embeddable":true,"href":"https:\/\/spd-stadtrat.de\/index.php?rest_route=%2Fwp%2Fv2%2Fcomments&post=7488"}],"version-history":[{"count":3,"href":"https:\/\/spd-stadtrat.de\/index.php?rest_route=\/wp\/v2\/posts\/7488\/revisions"}],"predecessor-version":[{"id":7492,"href":"https:\/\/spd-stadtrat.de\/index.php?rest_route=\/wp\/v2\/posts\/7488\/revisions\/7492"}],"wp:featuredmedia":[{"embeddable":true,"href":"https:\/\/spd-stadtrat.de\/index.php?rest_route=\/wp\/v2\/media\/7489"}],"wp:attachment":[{"href":"https:\/\/spd-stadtrat.de\/index.php?rest_route=%2Fwp%2Fv2%2Fmedia&parent=7488"}],"wp:term":[{"taxonomy":"category","embeddable":true,"href":"https:\/\/spd-stadtrat.de\/index.php?rest_route=%2Fwp%2Fv2%2Fcategories&post=7488"},{"taxonomy":"post_tag","embeddable":true,"href":"https:\/\/spd-stadtrat.de\/index.php?rest_route=%2Fwp%2Fv2%2Ftags&post=7488"}],"curies":[{"name":"wp","href":"https:\/\/api.w.org\/{rel}","templated":true}]}}